{"id":2225,"date":"2024-06-14T09:28:51","date_gmt":"2024-06-14T08:28:51","guid":{"rendered":"https:\/\/www.edelstam.org\/?p=2225"},"modified":"2024-07-30T09:37:43","modified_gmt":"2024-07-30T08:37:43","slug":"la-fundacion-edelstam-se-reune-con-el-presidente-de-chile-durante-su-visita-a-suecia","status":"publish","type":"post","link":"https:\/\/www.edelstam.org\/es\/noticias\/la-fundacion-edelstam-se-reune-con-el-presidente-de-chile-durante-su-visita-a-suecia\/","title":{"rendered":"LA FUNDACI\u00d3N EDELSTAM SE RE\u00daNE CON EL PRESIDENTE DE CHILE DURANTE SU VISITA A SUECIA"},"content":{"rendered":"\n<p>La Sra. Caroline Edelstam, Presidenta de la Fundaci\u00f3n Edelstam y nieta del Embajador Harald Edelstam, tuvo el honor de reunirse con el Presidente de Chile, Sr. Gabriel Boric Font, durante su visita a Estocolmo. Durante la reuni\u00f3n, discutieron los compromisos compartidos con los derechos humanos y la justicia, el espacio cada vez m\u00e1s reducido para los principios democr\u00e1ticos y los derechos humanos en todo el mundo y la importancia de un liderazgo sostenible. Esperamos con gran inter\u00e9s nuestra colaboraci\u00f3n para promover la agenda de derechos humanos a nivel global.<\/p>\n\n\n\n<figure class=\"wp-block-image size-full\"><img loading=\"lazy\" decoding=\"async\" width=\"2048\" height=\"1365\" src=\"https:\/\/www.edelstam.org\/wp-content\/uploads\/2024\/07\/Meeting-1.jpeg\" alt=\"First Meeting\" class=\"wp-image-2210\" srcset=\"https:\/\/www.edelstam.org\/wp-content\/uploads\/2024\/07\/Meeting-1.jpeg 2048w, https:\/\/www.edelstam.org\/wp-content\/uploads\/2024\/07\/Meeting-1-300x200.jpeg 300w, https:\/\/www.edelstam.org\/wp-content\/uploads\/2024\/07\/Meeting-1-1024x683.jpeg 1024w, https:\/\/www.edelstam.org\/wp-content\/uploads\/2024\/07\/Meeting-1-768x512.jpeg 768w, https:\/\/www.edelstam.org\/wp-content\/uploads\/2024\/07\/Meeting-1-1536x1024.jpeg 1536w\" sizes=\"auto, (max-width: 2048px) 100vw, 2048px\" \/><\/figure>\n\n\n\n<p>En la reuni\u00f3n tambi\u00e9n participaron el se\u00f1or Alberto van Klaveren Stork, Ministro de Relaciones Exteriores de Chile; Decan Joakim Palme, hijo del ex Primer Ministro de Suecia, Sr. Olof Palme; y el Sr. Tucapel Jim\u00e9nez Fuentes, Embajador de Chile en Suecia.<\/p>\n\n\n\n<figure class=\"wp-block-image size-large\"><img loading=\"lazy\" decoding=\"async\" width=\"1024\" height=\"683\" src=\"https:\/\/www.edelstam.org\/wp-content\/uploads\/2024\/07\/Tomb-2-1024x683.jpeg\" alt=\"\" class=\"wp-image-2214\" srcset=\"https:\/\/www.edelstam.org\/wp-content\/uploads\/2024\/07\/Tomb-2-1024x683.jpeg 1024w, https:\/\/www.edelstam.org\/wp-content\/uploads\/2024\/07\/Tomb-2-300x200.jpeg 300w, https:\/\/www.edelstam.org\/wp-content\/uploads\/2024\/07\/Tomb-2-768x512.jpeg 768w, https:\/\/www.edelstam.org\/wp-content\/uploads\/2024\/07\/Tomb-2-1536x1024.jpeg 1536w, https:\/\/www.edelstam.org\/wp-content\/uploads\/2024\/07\/Tomb-2.jpeg 2048w\" sizes=\"auto, (max-width: 1024px) 100vw, 1024px\" \/><\/figure>\n\n\n\n<p>Despu\u00e9s de la reuni\u00f3n, el Presidente Boric visit\u00f3 la tumba del Sr. Olof Palme, rindiendo homenaje a las acciones del Primer Ministro sueco conocido por su solidaridad con Chile tras el golpe de 1973.<\/p>\n\n\n\n<figure class=\"wp-block-image size-large\"><img loading=\"lazy\" decoding=\"async\" width=\"1024\" height=\"683\" src=\"https:\/\/www.edelstam.org\/wp-content\/uploads\/2024\/07\/Tomb-1-1024x683.jpeg\" alt=\"\" class=\"wp-image-2216\" srcset=\"https:\/\/www.edelstam.org\/wp-content\/uploads\/2024\/07\/Tomb-1-1024x683.jpeg 1024w, https:\/\/www.edelstam.org\/wp-content\/uploads\/2024\/07\/Tomb-1-300x200.jpeg 300w, https:\/\/www.edelstam.org\/wp-content\/uploads\/2024\/07\/Tomb-1-768x512.jpeg 768w, https:\/\/www.edelstam.org\/wp-content\/uploads\/2024\/07\/Tomb-1-1536x1024.jpeg 1536w, https:\/\/www.edelstam.org\/wp-content\/uploads\/2024\/07\/Tomb-1.jpeg 2048w\" sizes=\"auto, (max-width: 1024px) 100vw, 1024px\" \/><\/figure>\n\n\n\n<p>Adem\u00e1s, la Sra. Caroline Edelstam, Presidenta de la Fundaci\u00f3n Edelstam y nieta del Embajador Harald Edelstam, tuvo el honor de visitar el Parlamento sueco, Riksdag, con el Presidente de Chile, Sr. Gabriel Boric Font, durante su visita oficial a Estocolmo, invitada por el Presidente del Parlamento sueco, Sr. Andreas Norl\u00e9n.<\/p>\n\n\n\n<figure class=\"wp-block-image size-large\"><img loading=\"lazy\" decoding=\"async\" width=\"768\" height=\"1024\" src=\"https:\/\/www.edelstam.org\/wp-content\/uploads\/2024\/07\/Parliament-2-768x1024.jpeg\" alt=\"\" class=\"wp-image-2218\" srcset=\"https:\/\/www.edelstam.org\/wp-content\/uploads\/2024\/07\/Parliament-2-768x1024.jpeg 768w, https:\/\/www.edelstam.org\/wp-content\/uploads\/2024\/07\/Parliament-2-225x300.jpeg 225w, https:\/\/www.edelstam.org\/wp-content\/uploads\/2024\/07\/Parliament-2-1152x1536.jpeg 1152w, https:\/\/www.edelstam.org\/wp-content\/uploads\/2024\/07\/Parliament-2.jpeg 1536w\" sizes=\"auto, (max-width: 768px) 100vw, 768px\" \/><\/figure>\n\n\n\n<p>Durante su visita, rindieron homenaje al Embajador Harald Edelstam y visitaron el busto de Harald Edelstam, un regalo del Gobierno de Chile en 2016, que simboliza el legado perdurable de sus valientes acciones y sus acciones que salvaron a m\u00e1s de 1500 personas durante y despu\u00e9s del Golpe de Estado en Chile en 1973, en la Sala de las Buenas Obras en el parlamento, el Riksdag.<\/p>\n\n\n\n<figure class=\"wp-block-image size-large\"><img loading=\"lazy\" decoding=\"async\" width=\"768\" height=\"1024\" src=\"https:\/\/www.edelstam.org\/wp-content\/uploads\/2024\/07\/Parliament-1-768x1024.jpeg\" alt=\"\" class=\"wp-image-2220\" srcset=\"https:\/\/www.edelstam.org\/wp-content\/uploads\/2024\/07\/Parliament-1-768x1024.jpeg 768w, https:\/\/www.edelstam.org\/wp-content\/uploads\/2024\/07\/Parliament-1-225x300.jpeg 225w, https:\/\/www.edelstam.org\/wp-content\/uploads\/2024\/07\/Parliament-1-1152x1536.jpeg 1152w, https:\/\/www.edelstam.org\/wp-content\/uploads\/2024\/07\/Parliament-1.jpeg 1536w\" sizes=\"auto, (max-width: 768px) 100vw, 768px\" \/><\/figure>\n\n\n\n<figure class=\"wp-block-image size-large\"><img loading=\"lazy\" decoding=\"async\" width=\"768\" height=\"1024\" src=\"https:\/\/www.edelstam.org\/wp-content\/uploads\/2024\/07\/Parliament-11-768x1024.jpeg\" alt=\"\" class=\"wp-image-2222\" srcset=\"https:\/\/www.edelstam.org\/wp-content\/uploads\/2024\/07\/Parliament-11-768x1024.jpeg 768w, https:\/\/www.edelstam.org\/wp-content\/uploads\/2024\/07\/Parliament-11-225x300.jpeg 225w, https:\/\/www.edelstam.org\/wp-content\/uploads\/2024\/07\/Parliament-11-1152x1536.jpeg 1152w, https:\/\/www.edelstam.org\/wp-content\/uploads\/2024\/07\/Parliament-11.jpeg 1536w\" sizes=\"auto, (max-width: 768px) 100vw, 768px\" \/><\/figure>\n","protected":false},"excerpt":{"rendered":"<p>La Sra. Caroline Edelstam, Presidenta de la Fundaci\u00f3n Edelstam y nieta del Embajador Harald Edelstam, tuvo el honor de reunirse con el Presidente de Chile, Sr. Gabriel Boric Font, durante su visita a Estocolmo. Durante la reuni\u00f3n, discutieron los compromisos compartidos con los derechos humanos y la justicia, el espacio cada vez m\u00e1s reducido para [&hellip;]<\/p>\n","protected":false},"author":1,"featured_media":2212,"comment_status":"closed","ping_status":"open","sticky":false,"template":"","format":"standard","meta":{"ocean_post_layout":"","ocean_both_sidebars_style":"","ocean_both_sidebars_content_width":0,"ocean_both_sidebars_sidebars_width":0,"ocean_sidebar":"","ocean_second_sidebar":"","ocean_disable_margins":"enable","ocean_add_body_class":"","ocean_shortcode_before_top_bar":"","ocean_shortcode_after_top_bar":"","ocean_shortcode_before_header":"","ocean_shortcode_after_header":"","ocean_has_shortcode":"","ocean_shortcode_after_title":"","ocean_shortcode_before_footer_widgets":"","ocean_shortcode_after_footer_widgets":"","ocean_shortcode_before_footer_bottom":"","ocean_shortcode_after_footer_bottom":"","ocean_display_top_bar":"default","ocean_display_header":"default","ocean_header_style":"","ocean_center_header_left_menu":"","ocean_custom_header_template":"","ocean_custom_logo":0,"ocean_custom_retina_logo":0,"ocean_custom_logo_max_width":0,"ocean_custom_logo_tablet_max_width":0,"ocean_custom_logo_mobile_max_width":0,"ocean_custom_logo_max_height":0,"ocean_custom_logo_tablet_max_height":0,"ocean_custom_logo_mobile_max_height":0,"ocean_header_custom_menu":"","ocean_menu_typo_font_family":"","ocean_menu_typo_font_subset":"","ocean_menu_typo_font_size":0,"ocean_menu_typo_font_size_tablet":0,"ocean_menu_typo_font_size_mobile":0,"ocean_menu_typo_font_size_unit":"px","ocean_menu_typo_font_weight":"","ocean_menu_typo_font_weight_tablet":"","ocean_menu_typo_font_weight_mobile":"","ocean_menu_typo_transform":"","ocean_menu_typo_transform_tablet":"","ocean_menu_typo_transform_mobile":"","ocean_menu_typo_line_height":0,"ocean_menu_typo_line_height_tablet":0,"ocean_menu_typo_line_height_mobile":0,"ocean_menu_typo_line_height_unit":"","ocean_menu_typo_spacing":0,"ocean_menu_typo_spacing_tablet":0,"ocean_menu_typo_spacing_mobile":0,"ocean_menu_typo_spacing_unit":"","ocean_menu_link_color":"","ocean_menu_link_color_hover":"","ocean_menu_link_color_active":"","ocean_menu_link_background":"","ocean_menu_link_hover_background":"","ocean_menu_link_active_background":"","ocean_menu_social_links_bg":"","ocean_menu_social_hover_links_bg":"","ocean_menu_social_links_color":"","ocean_menu_social_hover_links_color":"","ocean_disable_title":"default","ocean_disable_heading":"default","ocean_post_title":"","ocean_post_subheading":"","ocean_post_title_style":"","ocean_post_title_background_color":"","ocean_post_title_background":0,"ocean_post_title_bg_image_position":"","ocean_post_title_bg_image_attachment":"","ocean_post_title_bg_image_repeat":"","ocean_post_title_bg_image_size":"","ocean_post_title_height":0,"ocean_post_title_bg_overlay":0.5,"ocean_post_title_bg_overlay_color":"","ocean_disable_breadcrumbs":"default","ocean_breadcrumbs_color":"","ocean_breadcrumbs_separator_color":"","ocean_breadcrumbs_links_color":"","ocean_breadcrumbs_links_hover_color":"","ocean_display_footer_widgets":"default","ocean_display_footer_bottom":"default","ocean_custom_footer_template":"","ocean_post_oembed":"","ocean_post_self_hosted_media":"","ocean_post_video_embed":"","ocean_link_format":"","ocean_link_format_target":"self","ocean_quote_format":"","ocean_quote_format_link":"post","ocean_gallery_link_images":"on","ocean_gallery_id":[],"footnotes":""},"categories":[],"tags":[],"class_list":["post-2225","post","type-post","status-publish","format-standard","has-post-thumbnail","hentry","entry","has-media"],"aioseo_notices":[],"_links":{"self":[{"href":"https:\/\/www.edelstam.org\/es\/wp-json\/wp\/v2\/posts\/2225","targetHints":{"allow":["GET"]}}],"collection":[{"href":"https:\/\/www.edelstam.org\/es\/wp-json\/wp\/v2\/posts"}],"about":[{"href":"https:\/\/www.edelstam.org\/es\/wp-json\/wp\/v2\/types\/post"}],"author":[{"embeddable":true,"href":"https:\/\/www.edelstam.org\/es\/wp-json\/wp\/v2\/users\/1"}],"replies":[{"embeddable":true,"href":"https:\/\/www.edelstam.org\/es\/wp-json\/wp\/v2\/comments?post=2225"}],"version-history":[{"count":0,"href":"https:\/\/www.edelstam.org\/es\/wp-json\/wp\/v2\/posts\/2225\/revisions"}],"wp:featuredmedia":[{"embeddable":true,"href":"https:\/\/www.edelstam.org\/es\/wp-json\/wp\/v2\/media\/2212"}],"wp:attachment":[{"href":"https:\/\/www.edelstam.org\/es\/wp-json\/wp\/v2\/media?parent=2225"}],"wp:term":[{"taxonomy":"category","embeddable":true,"href":"https:\/\/www.edelstam.org\/es\/wp-json\/wp\/v2\/categories?post=2225"},{"taxonomy":"post_tag","embeddable":true,"href":"https:\/\/www.edelstam.org\/es\/wp-json\/wp\/v2\/tags?post=2225"}],"curies":[{"name":"wp","href":"https:\/\/api.w.org\/{rel}","templated":true}]}}