{"id":2122,"date":"2024-02-05T20:21:29","date_gmt":"2024-02-05T19:21:29","guid":{"rendered":"https:\/\/www.edelstam.org\/?p=2122"},"modified":"2024-02-05T20:21:31","modified_gmt":"2024-02-05T19:21:31","slug":"el-premio-edelstam-2024-abre-la-convocatoriapara-nominaciones","status":"publish","type":"post","link":"https:\/\/www.edelstam.org\/es\/noticias\/el-premio-edelstam-2024-abre-la-convocatoriapara-nominaciones\/","title":{"rendered":"EL PREMIO EDELSTAM 2024 ABRE LA CONVOCATORIAPARA NOMINACIONES"},"content":{"rendered":"\n<p><strong>El d\u00eda de hoy la Fundaci\u00f3n Edelstam anuncia la apertura de convocatoria para nominaciones al Premio Edelstam 2024. La candidatura es abierta y los candidatos pueden ser presentados por cualquier persona. El Premio Edelstam se concede cada dos a\u00f1os por contribuciones sobresalientes y valor excepcional en la defensa de los Derechos Humanos. El premio ser\u00e1 entregado en una ceremonia el 19 de noviembre en la Casa de la Nobleza en Estocolmo.<\/strong><\/p>\n\n\n\n<p><strong><a href=\"\/premio-edelstam\/nominar-un-candidato\/\" target=\"_blank\" rel=\"noopener\" title=\"\">NOMINAR A UN CANDIDATO<\/a><\/strong><\/p>\n\n\n\n<p>&#8220;En situaciones de violaciones de los derechos humanos generalizadas, aquellos que est\u00e1n dispuestos a arriesgar su seguridad personal para defender los derechos de los dem\u00e1s, no s\u00f3lo salvar vidas, sino m\u00e1s importante, preservar para todos nosotros el valor esencial de la dignidad humana&#8221;, dice Lise Bergh, Presidente del Comit\u00e9 de Nominaci\u00f3n Premio Edelstam.<\/p>\n\n\n\n<p>Del 5 de febrero hasta junio 30 de 2024 es posible proponer candidatos para el Premio Edelstam 2024. La Comisi\u00f3n de Nombramientos juega un papel importante en la b\u00fasqueda de candidatos potenciales a trav\u00e9s de sus redes en todo el mundo. Sin embargo, se trata de una &#8220;candidatura abierta&#8221;, es decir, cualquier persona puede nominar a un candidato. Luego, Comisi\u00f3n de Nombramientos presentar\u00e1 5-15 candidatos al jurado del Premio Edelstam que luego seleccionar\u00e1 a la persona ganadora.<\/p>\n\n\n\n<p>&#8220;Queremos entregar el premio a aquellos que tienen el valor para defender sus convicciones, el valor de actuar con el fin de defender los derechos y la seguridad de los dem\u00e1s, incluso cuando esto implica riesgo personal, incluso cuando se enfrentan a amenazas de detractores poderosos y la movilizaci\u00f3n no es f\u00e1cil. Los h\u00e9roes cotidianos son los defensores de los derechos humanos, los activistas y los denunciantes de todo el mundo; los que arriesgan su futuro, y tal vez la seguridad de sus familias para luchar por los derechos de los dem\u00e1s &#8220;, dice Caroline Edelstam, Presidenta del Jurado del Premio Edelstam.<\/p>\n\n\n\n<p><strong>El Premio Edelstam<\/strong><\/p>\n\n\n\n<p>El Premio Edelstam, establecido en Suecia, es una recompensa de contenido econ\u00f3mico, administrada por la Fundaci\u00f3n Harald Edelstam. El Premio Edelstam es otorgado por contribuciones importantes y coraje excepcional en la defensa de las propias convicciones a favor de la defensa de los Derechos Humanos.<\/p>\n\n\n\n<p>El Premio Edelstam recibe su nombre, y es concedido en memoria del Diplom\u00e1tico y Embajador Sueco Harald Edelstam (1913-1989). Harald Edelstam se distingui\u00f3 como diplom\u00e1tico por su competencia profesional, su valor y su coraje civil, en la lucha por los derechos humanos. Fue un precursor y un s\u00edmbolo en la propuesta de lo que hoy se conoce como \u201cResponsabilidad de Proteger\u201d y sus acciones memorables en casos espec\u00edficos contribuyeron a salvar m\u00e1s de mil vidas en peligro.<\/p>\n\n\n\n<p>El ganador del Premio Edelstam puede ser un particular, o una persona que ocupa un puesto en un Gobierno, o en organizaciones nacionales o internacionales. Debe ser una persona que haya actuado en forma similar al Embajador Harald Edelstam en un pa\u00eds o pa\u00edses en los que los derechos humanos, de acuerdo con el derecho internacional, hayan sido violados. El galardonado debe haber mostrado capacidades excepcionales en el an\u00e1lisis y manejo de situaciones complejas y en encontrar formas creativas, incluso fuera de lo convencional, para defender los derechos humanos. Es de esperar que el candidato ha sido capaz de adoptar un papel decisivo en una situaci\u00f3n compleja para ayudar a personas amenazadas, o directamente, de haber salvado vidas humanas. El coraje civil es una condici\u00f3n fundamental para la selecci\u00f3n del candidato.&nbsp;<\/p>\n\n\n\n<p><strong>El Jurado<\/strong><strong><br><\/strong>El Jurado Internacional est\u00e1 presidido por&nbsp;<strong>Caroline Edelstam<\/strong>, la nieta de Harald Edelstam y co-fundadora de la Fundaci\u00f3n Edelstam. Otros miembros del Jurado son la&nbsp;<strong>Jueza Shirin Ebadi<\/strong>, Premio Nobel de la Paz en 2003 representando a Asia; Africa est\u00e1 representado por la&nbsp;<strong>Dra. Fatou Bensouda,&nbsp;<\/strong>ex Fiscal Jefa&nbsp;de la Corte Penal Internacional (CPI)&nbsp;y el&nbsp;<strong>Dr. Pascoal Mocumbi<\/strong>, ex Primer Ministro de Mozambique (1994-2004). La&nbsp;<strong>Embajadora Eileen Donahoe<\/strong>, Directora Ejecutiva del&nbsp;<em>Global Digital Policy Incubator&nbsp;<\/em>en el&nbsp;<em>Stanford University\u2019s Center for Democracy, Development and the Rule of Law<\/em>&nbsp;y ex- embajadora de Estados Unidos ante el Consejo de Derechos Humanos de las Naciones Unidas, representa al Norte de Am\u00e9rica. El&nbsp;<strong>Profesor Philip Alston<\/strong>,&nbsp;ex&nbsp;Relator Especial de la ONU sobre la extrema pobreza y derechos humanos,&nbsp;representa a Ocean\u00eda. Latinoam\u00e9rica est\u00e1 representado por<strong>Magistrada Patricia Linares Prieto,&nbsp;<\/strong>exPresidenta de la Jurisdicci\u00f3n Especial para la Paz (JEP);&nbsp;y Europa est\u00e1 representada por el ex&nbsp;<strong>Juez Baltasar Garz\u00f3n<\/strong>, anterior Juez Central de Instrucci\u00f3n de la Audiencia Nacional, defensor de derechos humanos, y conocido por haber procesado al dictador chileno, General Augusto Pinochet por la muerte y tortura de miles de v\u00edctimas de Chile y de otros pa\u00edses.<\/p>\n\n\n\n<p><strong>El Comit\u00e9 de Nominaci\u00f3n<\/strong><\/p>\n\n\n\n<p>El Comit\u00e9 de nominaci\u00f3n es presidido por&nbsp;la&nbsp;<strong>Sra.<\/strong>&nbsp;<strong>Lise Bergh<\/strong>, ex Secretaria General de Aminist\u00eda Suecia&nbsp;y ex Presidenta de Save the Children Suecia. En el comit\u00e9 tambi\u00e9n participan&nbsp;el&nbsp;<strong>Sr.<\/strong>&nbsp;<strong>Thomas Hammarberg<\/strong>, ex Comisario de Derechos Humanos del Consejo de Europa,&nbsp;el Profesor&nbsp;<strong>Vitit Muntarbhorn<\/strong>, ex Relator Especial de las Naciones Unidas sobre la situaci\u00f3n de los Derecho Humanos en la Rep\u00fablica Popular de Corea;&nbsp;<strong>Embajador<\/strong>&nbsp;<strong>Tucapel Jim\u00e9nez<\/strong>, ex miembro de la C\u00e1mara Chilena de Diputados y de la Comisi\u00f3n de Derechos Humanos, y el&nbsp;<strong>Embajador<\/strong>&nbsp;<strong>Bruno Stagno Ugarte<\/strong>, Director Ejecutivo Adjunto de Incidencia de Human Rights Watch y ex Ministro de Costa Rica de Asuntos Exteriores y Embajador ante las Naciones Unidas.&nbsp;El comit\u00e9 tambi\u00e9n lo integra el&nbsp;<strong>Sr.<\/strong>&nbsp;<strong>Lee Cheuk-yan<\/strong>, secretario general de la Confederaci\u00f3n de Hong Kong de los sindicatos y &#8211; Presidente de la Alianza de Hong Kong en Apoyo del Movimiento Patri\u00f3tico Democr\u00e1tico- en China,&nbsp;la&nbsp;<strong>Sra.<\/strong>&nbsp;<strong>Parul Sharma<\/strong>, Rectora de la Academia de Derechos Humanos en Empresas en RSE Suecia, abogada de derechos humanos con amplia experiencia en materia de RSE en los llamados pa\u00edses de alto riesgo,&nbsp;el&nbsp;<strong>Embajador Emilio Barbarani<\/strong>, diplom\u00e1tico, autor y defensor de derechos humanos, y el&nbsp;<strong>Sr. Stuart Russel<\/strong>, abogado de derechos humanos y Copresidente del Comit\u00e9 de Seguimiento de Ataques a Abogados de la Asociaci\u00f3n Internacional de Abogados del Pueblo (IAPL).<\/p>\n\n\n\n<p><em>Para m\u00e1s informaci\u00f3n, por favor contacta:<\/em><\/p>\n\n\n\n<p>Lise Bergh, presidenta del&nbsp;Comit\u00e9 de Nominaci\u00f3n<\/p>\n\n\n\n<p>Tel: +46 (0)707 57 48 58, correo electr\u00f3nico:&nbsp;<a href=\"mailto:lise.bergh@edelstamprize.org\">lise.bergh@edelstamprize.org<\/a><\/p>\n\n\n\n<p>Caroline Edelstam, presidenta del jurado del Premio Edelstam y miembra de la directiva de la Fundaci\u00f3n Harald Edelstam&nbsp;<\/p>\n\n\n\n<p>Tel: +46 (0)706 98 72 23, correo electr\u00f3nico:&nbsp;<a href=\"mailto:caroline.edelstam@edelstamprize.org\">caroline.edelstam@edelstamprize.org<\/a><\/p>\n\n\n\n<p>P\u00e1gina de web:&nbsp;<a href=\"https:\/\/emea01.safelinks.protection.outlook.com\/?url=http%3A%2F%2Fwww.edelstamprize.org%2F&amp;data=05%7C02%7C%7C356cc66bc6d94fceaf3208dc265ab3bf%7C84df9e7fe9f640afb435aaaaaaaaaaaa%7C1%7C0%7C638427420303272660%7CUnknown%7CTWFpbGZsb3d8eyJWIjoiMC4wLjAwMDAiLCJQIjoiV2luMzIiLCJBTiI6Ik1haWwiLCJXVCI6Mn0%3D%7C0%7C%7C%7C&amp;sdata=CoS2SgsKWfYElLDzIIhm2Xmi5xVsY0SyaYV6NXynfZ8%3D&amp;reserved=0\">www.edelstamprize.org<\/a>&nbsp;\/&nbsp;<a href=\"https:\/\/emea01.safelinks.protection.outlook.com\/?url=http%3A%2F%2Fwww.edelstam.org%2F&amp;data=05%7C02%7C%7C356cc66bc6d94fceaf3208dc265ab3bf%7C84df9e7fe9f640afb435aaaaaaaaaaaa%7C1%7C0%7C638427420303279666%7CUnknown%7CTWFpbGZsb3d8eyJWIjoiMC4wLjAwMDAiLCJQIjoiV2luMzIiLCJBTiI6Ik1haWwiLCJXVCI6Mn0%3D%7C0%7C%7C%7C&amp;sdata=4YMRTr9aOAigtjIhOy491KfqgfcmtcRNZBNpJYU9WR8%3D&amp;reserved=0\">www.edelstam.org<\/a><\/p>\n","protected":false},"excerpt":{"rendered":"<p>El d\u00eda de hoy la Fundaci\u00f3n Edelstam anuncia la apertura de convocatoria para nominaciones al Premio Edelstam 2024. La candidatura es abierta y los candidatos pueden ser presentados por cualquier persona. El Premio Edelstam se concede cada dos a\u00f1os por contribuciones sobresalientes y valor excepcional en la defensa de los Derechos Humanos. El premio ser\u00e1 [&hellip;]<\/p>\n","protected":false},"author":1,"featured_media":2117,"comment_status":"closed","ping_status":"open","sticky":false,"template":"","format":"standard","meta":{"ocean_post_layout":"","ocean_both_sidebars_style":"","ocean_both_sidebars_content_width":0,"ocean_both_sidebars_sidebars_width":0,"ocean_sidebar":"","ocean_second_sidebar":"","ocean_disable_margins":"enable","ocean_add_body_class":"","ocean_shortcode_before_top_bar":"","ocean_shortcode_after_top_bar":"","ocean_shortcode_before_header":"","ocean_shortcode_after_header":"","ocean_has_shortcode":"","ocean_shortcode_after_title":"","ocean_shortcode_before_footer_widgets":"","ocean_shortcode_after_footer_widgets":"","ocean_shortcode_before_footer_bottom":"","ocean_shortcode_after_footer_bottom":"","ocean_display_top_bar":"default","ocean_display_header":"default","ocean_header_style":"","ocean_center_header_left_menu":"","ocean_custom_header_template":"","ocean_custom_logo":0,"ocean_custom_retina_logo":0,"ocean_custom_logo_max_width":0,"ocean_custom_logo_tablet_max_width":0,"ocean_custom_logo_mobile_max_width":0,"ocean_custom_logo_max_height":0,"ocean_custom_logo_tablet_max_height":0,"ocean_custom_logo_mobile_max_height":0,"ocean_header_custom_menu":"","ocean_menu_typo_font_family":"","ocean_menu_typo_font_subset":"","ocean_menu_typo_font_size":0,"ocean_menu_typo_font_size_tablet":0,"ocean_menu_typo_font_size_mobile":0,"ocean_menu_typo_font_size_unit":"px","ocean_menu_typo_font_weight":"","ocean_menu_typo_font_weight_tablet":"","ocean_menu_typo_font_weight_mobile":"","ocean_menu_typo_transform":"","ocean_menu_typo_transform_tablet":"","ocean_menu_typo_transform_mobile":"","ocean_menu_typo_line_height":0,"ocean_menu_typo_line_height_tablet":0,"ocean_menu_typo_line_height_mobile":0,"ocean_menu_typo_line_height_unit":"","ocean_menu_typo_spacing":0,"ocean_menu_typo_spacing_tablet":0,"ocean_menu_typo_spacing_mobile":0,"ocean_menu_typo_spacing_unit":"","ocean_menu_link_color":"","ocean_menu_link_color_hover":"","ocean_menu_link_color_active":"","ocean_menu_link_background":"","ocean_menu_link_hover_background":"","ocean_menu_link_active_background":"","ocean_menu_social_links_bg":"","ocean_menu_social_hover_links_bg":"","ocean_menu_social_links_color":"","ocean_menu_social_hover_links_color":"","ocean_disable_title":"default","ocean_disable_heading":"default","ocean_post_title":"","ocean_post_subheading":"","ocean_post_title_style":"","ocean_post_title_background_color":"","ocean_post_title_background":0,"ocean_post_title_bg_image_position":"","ocean_post_title_bg_image_attachment":"","ocean_post_title_bg_image_repeat":"","ocean_post_title_bg_image_size":"","ocean_post_title_height":0,"ocean_post_title_bg_overlay":0.5,"ocean_post_title_bg_overlay_color":"","ocean_disable_breadcrumbs":"default","ocean_breadcrumbs_color":"","ocean_breadcrumbs_separator_color":"","ocean_breadcrumbs_links_color":"","ocean_breadcrumbs_links_hover_color":"","ocean_display_footer_widgets":"default","ocean_display_footer_bottom":"default","ocean_custom_footer_template":"","ocean_post_oembed":"","ocean_post_self_hosted_media":"","ocean_post_video_embed":"","ocean_link_format":"","ocean_link_format_target":"self","ocean_quote_format":"","ocean_quote_format_link":"post","ocean_gallery_link_images":"on","ocean_gallery_id":[],"footnotes":""},"categories":[10],"tags":[],"class_list":["post-2122","post","type-post","status-publish","format-standard","has-post-thumbnail","hentry","category-noticias","entry","has-media"],"aioseo_notices":[],"_links":{"self":[{"href":"https:\/\/www.edelstam.org\/es\/wp-json\/wp\/v2\/posts\/2122","targetHints":{"allow":["GET"]}}],"collection":[{"href":"https:\/\/www.edelstam.org\/es\/wp-json\/wp\/v2\/posts"}],"about":[{"href":"https:\/\/www.edelstam.org\/es\/wp-json\/wp\/v2\/types\/post"}],"author":[{"embeddable":true,"href":"https:\/\/www.edelstam.org\/es\/wp-json\/wp\/v2\/users\/1"}],"replies":[{"embeddable":true,"href":"https:\/\/www.edelstam.org\/es\/wp-json\/wp\/v2\/comments?post=2122"}],"version-history":[{"count":0,"href":"https:\/\/www.edelstam.org\/es\/wp-json\/wp\/v2\/posts\/2122\/revisions"}],"wp:featuredmedia":[{"embeddable":true,"href":"https:\/\/www.edelstam.org\/es\/wp-json\/wp\/v2\/media\/2117"}],"wp:attachment":[{"href":"https:\/\/www.edelstam.org\/es\/wp-json\/wp\/v2\/media?parent=2122"}],"wp:term":[{"taxonomy":"category","embeddable":true,"href":"https:\/\/www.edelstam.org\/es\/wp-json\/wp\/v2\/categories?post=2122"},{"taxonomy":"post_tag","embeddable":true,"href":"https:\/\/www.edelstam.org\/es\/wp-json\/wp\/v2\/tags?post=2122"}],"curies":[{"name":"wp","href":"https:\/\/api.w.org\/{rel}","templated":true}]}}