{"id":2082,"date":"2022-11-21T09:30:00","date_gmt":"2022-11-21T08:30:00","guid":{"rendered":"https:\/\/www.edelstam.org\/?p=2082"},"modified":"2022-11-20T23:54:07","modified_gmt":"2022-11-20T22:54:07","slug":"luchadora-por-la-justicia-recibe-el-premio-edelstam","status":"publish","type":"post","link":"https:\/\/www.edelstam.org\/es\/noticias\/luchadora-por-la-justicia-recibe-el-premio-edelstam\/","title":{"rendered":"LUCHADORA POR LA JUSTICIA RECIBE EL PREMIO EDELSTAM"},"content":{"rendered":"\n<p><strong>El Premio Edelstam 2022 se concede a la Sra. Norma Esther Andrade por sus destacadas contribuciones y su coraje excepcional al defender sus convicciones en la Defensa de los Derechos Humanos. El premio se entregar\u00e1 durante una ceremonia en la Casa de la Nobleza en Estocolmo, Suecia, el 22 de noviembre de 2022.<\/strong><\/p>\n\n\n\n<ul>\n<li class=\"p1\"><a href=\"https:\/\/www.edelstam.org\/wp-content\/uploads\/2022\/11\/Antecedentes_de_la_galandora_del_Premio_2022.pdf\" target=\"_blank\" rel=\"noopener\">Descargar informaci\u00f3n de antecedentes<\/a><\/li>\n<\/ul>\n\n\n\n<p>La Sra. Norma Esther Andrade, de Ciudad Ju\u00e1rez, M\u00e9xico, ha dedicado su vida a luchar por la justicia de las mujeres en todo M\u00e9xico, desde que su hija de 17 a\u00f1os fue secuestrada, desaparecida y brutalmente asesinada en 2001. Desde entonces, Norma ha defendido incansablemente los derechos de las mujeres y, a pesar de las numerosas amenazas de muerte recibidas, sigue siendo una llama de esperanza para mujeres que luchan por los derechos humanos en todo el mundo. Ha jugado un papel fundamental en el reconocimiento del feminicidio como una nueva figura delictiva en el c\u00f3digo penal mexicano.<\/p>\n\n\n\n<p><strong>Feminicidio: asesinato de mujeres o ni\u00f1as solo porque son mujeres<\/strong><\/p>\n\n\n\n<p><em>Feminicidio<\/em>, asesinato de mujeres por el simple hecho de ser mujer; delitos que no se investigan debidamente y muchas veces quedan en la impunidad. La Sra. Norma Andrade lucha por lograr justicia, no solo en el caso de su hija, sino tambi\u00e9n en los de muchas otras mujeres desaparecidas en M\u00e9xico. Al presionar al gobierno mexicano para que luche contra la impunidad, resuelva los asesinatos y contrarreste la prevalencia de los feminicidios, ha creado conciencia y avanzado la legislaci\u00f3n sobre los feminicidios en M\u00e9xico.<\/p>\n\n\n\n<p>El trabajo de la Sra. Norma Andrade pone en gran riesgo su vida. Le han aconsejado que se vaya de M\u00e9xico por su seguridad, pero como deseaba quedarse, ahora vive bajo protecci\u00f3n policial las 24 horas del d\u00eda.<\/p>\n\n\n\n<p>\u201cLa actividad valiente de la se\u00f1ora Norma Andrade ha contribuido en gran medida a ayudar a muchas madres a plantear sus casos legales y ha contribuido a cambiar la legislaci\u00f3n sobre feminicidios en M\u00e9xico. La Corte Interamericana en 2009 dictamin\u00f3 que los asesinatos de mujeres constitu\u00edan una violaci\u00f3n del derecho a la vida, la integridad y la libertad personal, y que el gobierno mexicano hab\u00eda violado el derecho de los familiares de las v\u00edctimas a acceder a la justicia y a obtener protecci\u00f3n judicial. Aun as\u00ed, no hay una implementaci\u00f3n y aplicaci\u00f3n adecuada de las leyes en M\u00e9xico, y la Sra. Andrade todav\u00eda est\u00e1 esperando una fecha para el juicio del caso de su hija\u201d, dice Caroline Edelstam, Presidenta del Jurado del Premio Edelstam y cofundadora de la Fundaci\u00f3n Edelstam.<\/p>\n\n\n\n<p><strong>Impunidad: mirar al monstruo a los ojos y sostenerle la mirada<\/strong><\/p>\n\n\n\n<p>En M\u00e9xico, mujeres y ni\u00f1as temen a diario la violencia de g\u00e9nero, ya que a\u00fan prevalece la impunidad. Hasta 1993, m\u00e1s de 400 mujeres hab\u00edan desaparecido en Ciudad Ju\u00e1rez, y la organizaci\u00f3n \u201cNuestras hijas de Regreso a Casa\u201d fundada por la Sra. Norma Andrade, vio que su misi\u00f3n era instar al gobierno mexicano a luchar contra la impunidad y rectificar la prevalencia del feminicidio. Aproximadamente el 98% de los cr\u00edmenes quedan sin resolver, seg\u00fan el informe de 2018 de la Relatora Especial sobre Defensores de Derechos Humanos. Seg\u00fan un art\u00edculo en <a href=\"https:\/\/www.theguardian.com\/society\/2022\/apr\/26\/murder-young-woman-mexico-femicide\">The Guardian<\/a> del 26 de abril de 2022, M\u00e9xico registr\u00f3 el a\u00f1o pasado 1.015 casos de feminicidio, en comparaci\u00f3n con 977 en 2020. En total, unas 3.500 mujeres han sido asesinadas.<\/p>\n\n\n\n<p>La Sra. Norma Esther Andrade ha defendido los derechos de las mujeres en plataformas como marchas, foros y eventos p\u00fablicos, tanto en M\u00e9xico como en el extranjero. En M\u00e9xico, ella ha sido una de las voces m\u00e1s elocuentes y persistentes contra el feminicidio: el asesinato de mujeres simplemente porque son mujeres. Hoy, los feminicidios est\u00e1n tipificados en el C\u00f3digo Penal Federal mexicano.<\/p>\n\n\n\n<p>&#8220;La Sra. Norma Andrade representa la voz de las muchas v\u00edctimas femeninas sin voz cuyos casos nunca han sido resueltos. La justicia debe prevalecer; la impunidad sistem\u00e1tica en M\u00e9xico y el hecho de que algunos estados a\u00fan no distingan el feminicidio como delito distinto y separado del homicidio es altamente alarmante, dice Caroline Edelstam.<\/p>\n\n\n\n<p><strong>Motivaci\u00f3n: El Jurado del Premio Edelstam<\/strong><br><strong>El Jurado del Premio Edelstam<\/strong> ha decidido otorgar a la <strong>Sra. Norma Esther Andrade<\/strong> el Premio Edelstam por los siguientes motivos: Norma Esther Andrade es una defensora de los derechos humanos que ha dedicado su vida, asumiendo graves riesgos y numerosas amenazas contra su vida, a luchar por el derecho a la justicia de las mujeres, en Ciudad Ju\u00e1rez, Chihuahua, y en todo M\u00e9xico, jugando un papel decisivo en el reconocimiento del feminicidio en el c\u00f3digo penal mexicano como una nueva categor\u00eda de delito: el asesinato de mujeres por el simple hecho de ser mujeres.<\/p>\n\n\n\n<p>Las mujeres y las ni\u00f1as temen cada d\u00eda la violencia de g\u00e9nero, ya que en M\u00e9xico sigue prevaleciendo la impunidad, y cerca del 98 por ciento de los cr\u00edmenes siguen sin resolverse, seg\u00fan el Informe Especial sobre Defensores de Derechos Humanos 2018. En 2009, la Corte Interamericana dictamin\u00f3 en el caso del <em>Campo algodonero<\/em> que los asesinatos de las mujeres constitu\u00edan una vulneraci\u00f3n del derecho a la vida, la integridad y la libertad personal y que el gobierno mexicano tambi\u00e9n hab\u00eda violado el derecho de las familias de las v\u00edctimas a acceder a la justicia y a la protecci\u00f3n judicial.<\/p>\n\n\n\n<p>Norma Esther llevaba una vida normal hasta que su hija de 17 a\u00f1os desapareci\u00f3 y fue encontrada brutalmente asesinada en 2001, lo que cambi\u00f3 por completo la vida de la Sra. Andrade al neg\u00e1rsele su derecho humano fundamental a la justicia. Ella representa la voz de <em>los sin voz<\/em>, de las v\u00edctimas a las que nunca se les da la oportunidad de ser escuchadas. Ella ha continuado valiente e incansablemente, m\u00e1s all\u00e1 del caso de su hija, luchando por la justicia para las v\u00edctimas <em>invisibles<\/em> de los feminicidios, cr\u00edmenes que nunca se investigan adecuadamente y que permanecen en su mayor\u00eda impunes en M\u00e9xico. Ha seguido trabajando a pesar de las repetidas amenazas contra su vida, y de su desplazamiento forzado de Ju\u00e1rez. El trabajo de Norma Andrade ayud\u00f3 a muchas madres de hijas perdidas a plantear sus casos legales en busca de justicia y por el estado de derecho, pero tambi\u00e9n a presionar a las instituciones mexicanas para que protejan mejor a las mujeres.<\/p>\n\n\n\n<p>A trav\u00e9s de su incansable trabajo con <em>Nuestras hijas de Regreso a Casa<\/em>, defendiendo el derecho de toda madre a obtener justicia, ha conseguido movilizar esas fuerzas de concienciaci\u00f3n a nivel nacional e internacional sobre los feminicidios y los derechos de las mujeres en M\u00e9xico. Tras el asesinato de su hija, la Sra. Norma Andrade se sinti\u00f3 obligada a convertirse en activista, y posteriormente tuvo que abandonar su ciudad natal hacia un lugar no revelado, viviendo ahora bajo protecci\u00f3n policial permanente, por haber defendido valiente y persistentemente el derecho a la justicia.<\/p>\n\n\n\n<p><strong>El Premio Edelstam<\/strong><\/p>\n\n\n\n<p>El Premio Edelstam, establecido en Suecia, es una recompensa con contenido econ\u00f3mico, administrada por la Fundaci\u00f3n Harald Edelstam. El Premio Edelstam se otorga por contribuciones importantes y coraje excepcional en la defensa de las propias convicciones a favor de la defensa de los Derechos Humanos.<\/p>\n\n\n\n<p>El Premio Edelstam recibe su nombre, y es concedido en memoria del Diplom\u00e1tico y Embajador Sueco Harald Edelstam (1913-1989). Harald Edelstam se distingui\u00f3 como diplom\u00e1tico por su competencia profesional, su valor y su coraje civil, en la lucha por los derechos humanos. Sus acciones memorables en casos espec\u00edficos contribuyeron a salvar m\u00e1s de mil vidas en peligro.<\/p>\n\n\n\n<p>El ganador del Premio Edelstam puede ser un particular, o una persona que ocupa un puesto en un Gobierno, o en organizaciones nacionales o internacionales. Debe ser una persona que haya actuado en el esp\u00edritu del Embajador Harald Edelstam en un pa\u00eds o pa\u00edses en los que los derechos humanos, de acuerdo con el derecho internacional, hayan sido violados. El galardonado debe haber mostrado capacidades excepcionales en el an\u00e1lisis y manejo de situaciones complejas y en encontrar formas creativas, incluso fuera de lo convencional, para defender los derechos humanos. Es de esperar que el candidato haya sido capaz de adoptar un papel decisivo en una situaci\u00f3n compleja para ayudar a personas amenazadas, o directamente, de haber salvado vidas humanas. El coraje civil es una condici\u00f3n fundamental para la selecci\u00f3n del candidato.<\/p>\n\n\n\n<p><strong>El Jurado<br><\/strong>El Jurado Internacional est\u00e1 presidido por <strong>Caroline Edelstam<\/strong>, la nieta de Harald Edelstam y co-fundadora de la Fundaci\u00f3n Edelstam. Otros miembros del Jurado son la <strong>Jueza Shirin Ebadi<\/strong>, Premio Nobel de la Paz en 2003 representando a Asia; Africa esta representado por la <strong>Dra. Fatou Bensouda, <\/strong>ex Fiscal Jefa de la Corte Penal Internacional (CPI) y el <strong>Dr. Pascoal Mocumbi<\/strong>, ex Primer Ministro de Mozambique (1994-2004). La <strong>Embajadora Eileen Donahoe<\/strong>, Directora Ejecutiva del <em>Global Digital Policy Incubator <\/em>en el <em>Stanford University\u2019s Center for Democracy, Development and the Rule of Law<\/em> y ex- embajadora de Estados Unidos ante el Consejo de Derechos Humanos de las Naciones Unidas, representa al Norte de Am\u00e9rica. El <strong>Profesor Philip Alston<\/strong>, ex Relator Especial de la ONU sobre la extrema pobreza y derechos humanos, representa a Ocean\u00eda. Latinoam\u00e9rica est\u00e1 representado por <strong>Magistrada Patricia Linares Prieto, <\/strong>exPresidenta de la Jurisdicci\u00f3n Especial para la Paz (JEP); y Europa est\u00e1 representada por el ex <strong>Juez Baltasar Garz\u00f3n<\/strong>, anterior Juez Central de Instrucci\u00f3n de la Audiencia Nacional, defensor de derechos humanos, y conocido por haber procesado al dictador chileno, General Augusto Pinochet por la muerte y tortura de miles de v\u00edctimas de Chile y de otros pa\u00edses.<strong><\/strong><\/p>\n\n\n\n<p><em>Para m\u00e1s informaci\u00f3n, por favor contacta:<\/em><\/p>\n\n\n\n<p><strong>Lise Bergh<\/strong>, vice-presidenta de la Fundaci\u00f3n Harald Edelstam<br>Tel: +46 (0)707 57 48 58, correo electr\u00f3nico: <a href=\"mailto:lise.bergh@edelstamprize.org\">lise.bergh@edelstamprize.org<\/a><br>Pagina de web: <a href=\"http:\/\/www.edelstamprize.org\">www.edelstamprize.org<\/a> \/ <a href=\"http:\/\/www.edelstam.org\">www.edelstam.org<\/a><\/p>\n","protected":false},"excerpt":{"rendered":"<p>El Premio Edelstam 2022 se concede a la Sra. Norma Esther Andrade por sus destacadas contribuciones y su coraje excepcional al defender sus convicciones en la Defensa de los Derechos Humanos. El premio se entregar\u00e1 durante una ceremonia en la Casa de la Nobleza en Estocolmo, Suecia, el 22 de noviembre de 2022. Descargar informaci\u00f3n [&hellip;]<\/p>\n","protected":false},"author":1,"featured_media":2074,"comment_status":"closed","ping_status":"open","sticky":false,"template":"","format":"standard","meta":{"ocean_post_layout":"","ocean_both_sidebars_style":"","ocean_both_sidebars_content_width":0,"ocean_both_sidebars_sidebars_width":0,"ocean_sidebar":"0","ocean_second_sidebar":"0","ocean_disable_margins":"enable","ocean_add_body_class":"","ocean_shortcode_before_top_bar":"","ocean_shortcode_after_top_bar":"","ocean_shortcode_before_header":"","ocean_shortcode_after_header":"","ocean_has_shortcode":"","ocean_shortcode_after_title":"","ocean_shortcode_before_footer_widgets":"","ocean_shortcode_after_footer_widgets":"","ocean_shortcode_before_footer_bottom":"","ocean_shortcode_after_footer_bottom":"","ocean_display_top_bar":"default","ocean_display_header":"default","ocean_header_style":"","ocean_center_header_left_menu":"0","ocean_custom_header_template":"0","ocean_custom_logo":0,"ocean_custom_retina_logo":0,"ocean_custom_logo_max_width":0,"ocean_custom_logo_tablet_max_width":0,"ocean_custom_logo_mobile_max_width":0,"ocean_custom_logo_max_height":0,"ocean_custom_logo_tablet_max_height":0,"ocean_custom_logo_mobile_max_height":0,"ocean_header_custom_menu":"0","ocean_menu_typo_font_family":"0","ocean_menu_typo_font_subset":"","ocean_menu_typo_font_size":0,"ocean_menu_typo_font_size_tablet":0,"ocean_menu_typo_font_size_mobile":0,"ocean_menu_typo_font_size_unit":"px","ocean_menu_typo_font_weight":"","ocean_menu_typo_font_weight_tablet":"","ocean_menu_typo_font_weight_mobile":"","ocean_menu_typo_transform":"","ocean_menu_typo_transform_tablet":"","ocean_menu_typo_transform_mobile":"","ocean_menu_typo_line_height":0,"ocean_menu_typo_line_height_tablet":0,"ocean_menu_typo_line_height_mobile":0,"ocean_menu_typo_line_height_unit":"","ocean_menu_typo_spacing":0,"ocean_menu_typo_spacing_tablet":0,"ocean_menu_typo_spacing_mobile":0,"ocean_menu_typo_spacing_unit":"","ocean_menu_link_color":"","ocean_menu_link_color_hover":"","ocean_menu_link_color_active":"","ocean_menu_link_background":"","ocean_menu_link_hover_background":"","ocean_menu_link_active_background":"","ocean_menu_social_links_bg":"","ocean_menu_social_hover_links_bg":"","ocean_menu_social_links_color":"","ocean_menu_social_hover_links_color":"","ocean_disable_title":"default","ocean_disable_heading":"default","ocean_post_title":"","ocean_post_subheading":"","ocean_post_title_style":"","ocean_post_title_background_color":"","ocean_post_title_background":0,"ocean_post_title_bg_image_position":"","ocean_post_title_bg_image_attachment":"","ocean_post_title_bg_image_repeat":"","ocean_post_title_bg_image_size":"","ocean_post_title_height":0,"ocean_post_title_bg_overlay":0.5,"ocean_post_title_bg_overlay_color":"","ocean_disable_breadcrumbs":"default","ocean_breadcrumbs_color":"","ocean_breadcrumbs_separator_color":"","ocean_breadcrumbs_links_color":"","ocean_breadcrumbs_links_hover_color":"","ocean_display_footer_widgets":"default","ocean_display_footer_bottom":"default","ocean_custom_footer_template":"0","ocean_post_oembed":"","ocean_post_self_hosted_media":"","ocean_post_video_embed":"","ocean_link_format":"","ocean_link_format_target":"self","ocean_quote_format":"","ocean_quote_format_link":"post","ocean_gallery_link_images":"off","ocean_gallery_id":[],"footnotes":""},"categories":[10],"tags":[],"class_list":["post-2082","post","type-post","status-publish","format-standard","has-post-thumbnail","hentry","category-noticias","entry","has-media"],"aioseo_notices":[],"_links":{"self":[{"href":"https:\/\/www.edelstam.org\/es\/wp-json\/wp\/v2\/posts\/2082","targetHints":{"allow":["GET"]}}],"collection":[{"href":"https:\/\/www.edelstam.org\/es\/wp-json\/wp\/v2\/posts"}],"about":[{"href":"https:\/\/www.edelstam.org\/es\/wp-json\/wp\/v2\/types\/post"}],"author":[{"embeddable":true,"href":"https:\/\/www.edelstam.org\/es\/wp-json\/wp\/v2\/users\/1"}],"replies":[{"embeddable":true,"href":"https:\/\/www.edelstam.org\/es\/wp-json\/wp\/v2\/comments?post=2082"}],"version-history":[{"count":0,"href":"https:\/\/www.edelstam.org\/es\/wp-json\/wp\/v2\/posts\/2082\/revisions"}],"wp:featuredmedia":[{"embeddable":true,"href":"https:\/\/www.edelstam.org\/es\/wp-json\/wp\/v2\/media\/2074"}],"wp:attachment":[{"href":"https:\/\/www.edelstam.org\/es\/wp-json\/wp\/v2\/media?parent=2082"}],"wp:term":[{"taxonomy":"category","embeddable":true,"href":"https:\/\/www.edelstam.org\/es\/wp-json\/wp\/v2\/categories?post=2082"},{"taxonomy":"post_tag","embeddable":true,"href":"https:\/\/www.edelstam.org\/es\/wp-json\/wp\/v2\/tags?post=2082"}],"curies":[{"name":"wp","href":"https:\/\/api.w.org\/{rel}","templated":true}]}}